{"id":711,"date":"2021-12-29T09:22:27","date_gmt":"2021-12-29T09:22:27","guid":{"rendered":"https:\/\/euphe.eu\/relief-in-the-presidency-of-euphe-klaus-hekking-vph-germany\/"},"modified":"2022-04-03T10:29:04","modified_gmt":"2022-04-03T10:29:04","slug":"entlastung-im-vorsitz-der-euphe-klaus-hekking-vph-deutschland","status":"publish","type":"post","link":"https:\/\/euphe.eu\/de\/entlastung-im-vorsitz-der-euphe-klaus-hekking-vph-deutschland\/","title":{"rendered":"Entlastung im Vorsitz der EUPHE Klaus Hekking VPH Deutschland"},"content":{"rendered":"<p>Am Mittwoch, den 17. Juni, fand die j\u00e4hrliche ordentliche Generalversammlung der EUPHE statt, auf der die Mitglieder einstimmig beschlossen, dass Klaus Hekking als Vertreter des VPH (Deutschland) sein Amt f\u00fcr eine erste zweij\u00e4hrige Amtszeit antritt, sich der restliche Vorstand komplett erneuert und Marcin Jacoby von SWPS (Polen) als Gastmitglied aufgenommen wird.<\/p>\n<ul>\n<li>Pr\u00e4sident, Klaus Hekking VPH (Deutschland)<\/li>\n<li>1. Vizepr\u00e4sident, Jean Michel Nicolle UGEI (Frankreich)<\/li>\n<li>2. Vizepr\u00e4sident, Joao Redondo, APESP (Portugal)<\/li>\n<li>1. Schatzmeister, Karl W\u00f6ber \u00d6PUK (\u00d6sterreich)<\/li>\n<li>2. Schatzmeister, Bertrand Doncieux UNFL (Frankreich)<\/li>\n<li>Generalsekret\u00e4r, Antonio Alonso AEEN (Spanien)<\/li>\n<li>Gastmitglied, Marcin Jacoby von SWPS (Polen)<\/li>\n<\/ul>\n<p>Dar\u00fcber hinaus wurden zwei neue Mitglieder in der EUPHE begr\u00fc\u00dft: die Higher Education Colleges Association (HECA), Irland, und die SWPS University of Social Sciences and Humanities, Polen. Jean-Michel Nicolle diente dem Verwaltungsrat in den letzten zwei Jahren als Pr\u00e4sident. Seine Amtszeit ist abgelaufen, da der EUPHE-Vorstand f\u00fcr eine zweij\u00e4hrige Amtszeit gew\u00e4hlt wird. &#8222;Ich f\u00fchle mich sehr geehrt und freue mich, die Rolle des Pr\u00e4sidenten dieser hart arbeitenden und ergebnisorientierten Vereinigung zu \u00fcbernehmen. Jean-Michel hat das Amt des Pr\u00e4sidenten mit \u00e4u\u00dferster Integrit\u00e4t ausge\u00fcbt, und ich habe die Absicht, dort weiterzumachen, wo er aufgeh\u00f6rt hat, zusammen mit einer erstaunlichen Gruppe von Fachleuten, die \u00fcber das Wissen und die Erfahrung in der Arbeit im gesamten privaten Hochschulsektor in Europa verf\u00fcgen&#8220;, sagte Klaus Hekking<\/p>\n","protected":false},"excerpt":{"rendered":"<p>Am Mittwoch, den 17. Juni, fand die j\u00e4hrliche ordentliche Generalversammlung der EUPHE statt, auf der die Mitglieder einstimmig beschlossen, dass Klaus Hekking als Vertreter des [&hellip;]<\/p>\n","protected":false},"author":1,"featured_media":654,"comment_status":"open","ping_status":"open","sticky":false,"template":"","format":"standard","meta":{"_acf_changed":false,"footnotes":""},"categories":[52],"tags":[],"class_list":["post-711","post","type-post","status-publish","format-standard","has-post-thumbnail","hentry","category-organisation-nachrichten"],"acf":[],"yoast_head":"<!-- This site is optimized with the Yoast SEO plugin v27.4 - https:\/\/yoast.com\/product\/yoast-seo-wordpress\/ -->\n<title>Entlastung im Vorsitz der EUPHE Klaus Hekking VPH Deutschland - EUPHE<\/title>\n<meta name=\"robots\" content=\"index, follow, max-snippet:-1, max-image-preview:large, max-video-preview:-1\" \/>\n<link rel=\"canonical\" href=\"https:\/\/euphe.eu\/relief-in-the-presidency-of-euphe-klaus-hekking-vph-germany\/\" \/>\n<meta property=\"og:locale\" content=\"de_DE\" \/>\n<meta property=\"og:type\" content=\"article\" \/>\n<meta property=\"og:title\" content=\"Entlastung im Vorsitz der EUPHE Klaus Hekking VPH Deutschland - EUPHE\" \/>\n<meta property=\"og:description\" content=\"Am Mittwoch, den 17. Juni, fand die j\u00e4hrliche ordentliche Generalversammlung der EUPHE statt, auf der die Mitglieder einstimmig beschlossen, dass Klaus Hekking als Vertreter des [&hellip;]\" \/>\n<meta property=\"og:url\" content=\"https:\/\/euphe.eu\/relief-in-the-presidency-of-euphe-klaus-hekking-vph-germany\/\" \/>\n<meta property=\"og:site_name\" content=\"EUPHE\" \/>\n<meta property=\"article:published_time\" content=\"2021-12-29T09:22:27+00:00\" \/>\n<meta property=\"article:modified_time\" content=\"2022-04-03T10:29:04+00:00\" \/>\n<meta property=\"og:image\" content=\"https:\/\/euphe.eu\/wp-content\/uploads\/2021\/12\/EUPHE-Klaus-Hekking-VPH-Germany-Pic-1.jpg\" \/>\n\t<meta property=\"og:image:width\" content=\"1920\" \/>\n\t<meta property=\"og:image:height\" content=\"1080\" \/>\n\t<meta property=\"og:image:type\" content=\"image\/jpeg\" \/>\n<meta name=\"author\" content=\"EUPHE News\" \/>\n<meta name=\"twitter:card\" content=\"summary_large_image\" \/>\n<meta name=\"twitter:label1\" content=\"Verfasst von\" \/>\n\t<meta name=\"twitter:data1\" content=\"EUPHE News\" \/>\n\t<meta name=\"twitter:label2\" content=\"Gesch\u00e4tzte Lesezeit\" \/>\n\t<meta name=\"twitter:data2\" content=\"1\u00a0Minute\" \/>\n<script type=\"application\/ld+json\" class=\"yoast-schema-graph\">{\"@context\":\"https:\\\/\\\/schema.org\",\"@graph\":[{\"@type\":\"Article\",\"@id\":\"https:\\\/\\\/euphe.eu\\\/relief-in-the-presidency-of-euphe-klaus-hekking-vph-germany\\\/#article\",\"isPartOf\":{\"@id\":\"https:\\\/\\\/euphe.eu\\\/relief-in-the-presidency-of-euphe-klaus-hekking-vph-germany\\\/\"},\"author\":{\"name\":\"EUPHE News\",\"@id\":\"https:\\\/\\\/euphe.eu\\\/#\\\/schema\\\/person\\\/4a67c3378658a19bc81bb8f0ed6326d3\"},\"headline\":\"Entlastung im Vorsitz der EUPHE Klaus Hekking VPH Deutschland\",\"datePublished\":\"2021-12-29T09:22:27+00:00\",\"dateModified\":\"2022-04-03T10:29:04+00:00\",\"mainEntityOfPage\":{\"@id\":\"https:\\\/\\\/euphe.eu\\\/relief-in-the-presidency-of-euphe-klaus-hekking-vph-germany\\\/\"},\"wordCount\":238,\"commentCount\":0,\"image\":{\"@id\":\"https:\\\/\\\/euphe.eu\\\/relief-in-the-presidency-of-euphe-klaus-hekking-vph-germany\\\/#primaryimage\"},\"thumbnailUrl\":\"https:\\\/\\\/euphe.eu\\\/wp-content\\\/uploads\\\/2021\\\/12\\\/EUPHE-Klaus-Hekking-VPH-Germany-Pic-1.jpg\",\"articleSection\":[\"Organisation Nachrichten\"],\"inLanguage\":\"de\"},{\"@type\":\"WebPage\",\"@id\":\"https:\\\/\\\/euphe.eu\\\/relief-in-the-presidency-of-euphe-klaus-hekking-vph-germany\\\/\",\"url\":\"https:\\\/\\\/euphe.eu\\\/relief-in-the-presidency-of-euphe-klaus-hekking-vph-germany\\\/\",\"name\":\"Entlastung im Vorsitz der EUPHE Klaus Hekking VPH Deutschland - EUPHE\",\"isPartOf\":{\"@id\":\"https:\\\/\\\/euphe.eu\\\/#website\"},\"primaryImageOfPage\":{\"@id\":\"https:\\\/\\\/euphe.eu\\\/relief-in-the-presidency-of-euphe-klaus-hekking-vph-germany\\\/#primaryimage\"},\"image\":{\"@id\":\"https:\\\/\\\/euphe.eu\\\/relief-in-the-presidency-of-euphe-klaus-hekking-vph-germany\\\/#primaryimage\"},\"thumbnailUrl\":\"https:\\\/\\\/euphe.eu\\\/wp-content\\\/uploads\\\/2021\\\/12\\\/EUPHE-Klaus-Hekking-VPH-Germany-Pic-1.jpg\",\"datePublished\":\"2021-12-29T09:22:27+00:00\",\"dateModified\":\"2022-04-03T10:29:04+00:00\",\"author\":{\"@id\":\"https:\\\/\\\/euphe.eu\\\/#\\\/schema\\\/person\\\/4a67c3378658a19bc81bb8f0ed6326d3\"},\"breadcrumb\":{\"@id\":\"https:\\\/\\\/euphe.eu\\\/relief-in-the-presidency-of-euphe-klaus-hekking-vph-germany\\\/#breadcrumb\"},\"inLanguage\":\"de\",\"potentialAction\":[{\"@type\":\"ReadAction\",\"target\":[\"https:\\\/\\\/euphe.eu\\\/relief-in-the-presidency-of-euphe-klaus-hekking-vph-germany\\\/\"]}]},{\"@type\":\"ImageObject\",\"inLanguage\":\"de\",\"@id\":\"https:\\\/\\\/euphe.eu\\\/relief-in-the-presidency-of-euphe-klaus-hekking-vph-germany\\\/#primaryimage\",\"url\":\"https:\\\/\\\/euphe.eu\\\/wp-content\\\/uploads\\\/2021\\\/12\\\/EUPHE-Klaus-Hekking-VPH-Germany-Pic-1.jpg\",\"contentUrl\":\"https:\\\/\\\/euphe.eu\\\/wp-content\\\/uploads\\\/2021\\\/12\\\/EUPHE-Klaus-Hekking-VPH-Germany-Pic-1.jpg\",\"width\":1920,\"height\":1080},{\"@type\":\"BreadcrumbList\",\"@id\":\"https:\\\/\\\/euphe.eu\\\/relief-in-the-presidency-of-euphe-klaus-hekking-vph-germany\\\/#breadcrumb\",\"itemListElement\":[{\"@type\":\"ListItem\",\"position\":1,\"name\":\"Home\",\"item\":\"https:\\\/\\\/euphe.eu\\\/\"},{\"@type\":\"ListItem\",\"position\":2,\"name\":\"Entlastung im Vorsitz der EUPHE Klaus Hekking VPH Deutschland\"}]},{\"@type\":\"WebSite\",\"@id\":\"https:\\\/\\\/euphe.eu\\\/#website\",\"url\":\"https:\\\/\\\/euphe.eu\\\/\",\"name\":\"EUPHE\",\"description\":\"The Alliance of Non-State Higher Education Institutions\",\"potentialAction\":[{\"@type\":\"SearchAction\",\"target\":{\"@type\":\"EntryPoint\",\"urlTemplate\":\"https:\\\/\\\/euphe.eu\\\/?s={search_term_string}\"},\"query-input\":{\"@type\":\"PropertyValueSpecification\",\"valueRequired\":true,\"valueName\":\"search_term_string\"}}],\"inLanguage\":\"de\"},{\"@type\":\"Person\",\"@id\":\"https:\\\/\\\/euphe.eu\\\/#\\\/schema\\\/person\\\/4a67c3378658a19bc81bb8f0ed6326d3\",\"name\":\"EUPHE News\",\"image\":{\"@type\":\"ImageObject\",\"inLanguage\":\"de\",\"@id\":\"https:\\\/\\\/secure.gravatar.com\\\/avatar\\\/8af126a59bd7472a7d4e0d93834a5836768c25f3f6948fe558432fa9157f9444?s=96&d=mm&r=g\",\"url\":\"https:\\\/\\\/secure.gravatar.com\\\/avatar\\\/8af126a59bd7472a7d4e0d93834a5836768c25f3f6948fe558432fa9157f9444?s=96&d=mm&r=g\",\"contentUrl\":\"https:\\\/\\\/secure.gravatar.com\\\/avatar\\\/8af126a59bd7472a7d4e0d93834a5836768c25f3f6948fe558432fa9157f9444?s=96&d=mm&r=g\",\"caption\":\"EUPHE News\"},\"sameAs\":[\"https:\\\/\\\/euphe.eu\"],\"url\":\"https:\\\/\\\/euphe.eu\\\/de\\\/author\\\/developer\\\/\"}]}<\/script>\n<!-- \/ Yoast SEO plugin. -->","yoast_head_json":{"title":"Entlastung im Vorsitz der EUPHE Klaus Hekking VPH Deutschland - EUPHE","robots":{"index":"index","follow":"follow","max-snippet":"max-snippet:-1","max-image-preview":"max-image-preview:large","max-video-preview":"max-video-preview:-1"},"canonical":"https:\/\/euphe.eu\/relief-in-the-presidency-of-euphe-klaus-hekking-vph-germany\/","og_locale":"de_DE","og_type":"article","og_title":"Entlastung im Vorsitz der EUPHE Klaus Hekking VPH Deutschland - EUPHE","og_description":"Am Mittwoch, den 17. Juni, fand die j\u00e4hrliche ordentliche Generalversammlung der EUPHE statt, auf der die Mitglieder einstimmig beschlossen, dass Klaus Hekking als Vertreter des [&hellip;]","og_url":"https:\/\/euphe.eu\/relief-in-the-presidency-of-euphe-klaus-hekking-vph-germany\/","og_site_name":"EUPHE","article_published_time":"2021-12-29T09:22:27+00:00","article_modified_time":"2022-04-03T10:29:04+00:00","og_image":[{"width":1920,"height":1080,"url":"https:\/\/euphe.eu\/wp-content\/uploads\/2021\/12\/EUPHE-Klaus-Hekking-VPH-Germany-Pic-1.jpg","type":"image\/jpeg"}],"author":"EUPHE News","twitter_card":"summary_large_image","twitter_misc":{"Verfasst von":"EUPHE News","Gesch\u00e4tzte Lesezeit":"1\u00a0Minute"},"schema":{"@context":"https:\/\/schema.org","@graph":[{"@type":"Article","@id":"https:\/\/euphe.eu\/relief-in-the-presidency-of-euphe-klaus-hekking-vph-germany\/#article","isPartOf":{"@id":"https:\/\/euphe.eu\/relief-in-the-presidency-of-euphe-klaus-hekking-vph-germany\/"},"author":{"name":"EUPHE News","@id":"https:\/\/euphe.eu\/#\/schema\/person\/4a67c3378658a19bc81bb8f0ed6326d3"},"headline":"Entlastung im Vorsitz der EUPHE Klaus Hekking VPH Deutschland","datePublished":"2021-12-29T09:22:27+00:00","dateModified":"2022-04-03T10:29:04+00:00","mainEntityOfPage":{"@id":"https:\/\/euphe.eu\/relief-in-the-presidency-of-euphe-klaus-hekking-vph-germany\/"},"wordCount":238,"commentCount":0,"image":{"@id":"https:\/\/euphe.eu\/relief-in-the-presidency-of-euphe-klaus-hekking-vph-germany\/#primaryimage"},"thumbnailUrl":"https:\/\/euphe.eu\/wp-content\/uploads\/2021\/12\/EUPHE-Klaus-Hekking-VPH-Germany-Pic-1.jpg","articleSection":["Organisation Nachrichten"],"inLanguage":"de"},{"@type":"WebPage","@id":"https:\/\/euphe.eu\/relief-in-the-presidency-of-euphe-klaus-hekking-vph-germany\/","url":"https:\/\/euphe.eu\/relief-in-the-presidency-of-euphe-klaus-hekking-vph-germany\/","name":"Entlastung im Vorsitz der EUPHE Klaus Hekking VPH Deutschland - EUPHE","isPartOf":{"@id":"https:\/\/euphe.eu\/#website"},"primaryImageOfPage":{"@id":"https:\/\/euphe.eu\/relief-in-the-presidency-of-euphe-klaus-hekking-vph-germany\/#primaryimage"},"image":{"@id":"https:\/\/euphe.eu\/relief-in-the-presidency-of-euphe-klaus-hekking-vph-germany\/#primaryimage"},"thumbnailUrl":"https:\/\/euphe.eu\/wp-content\/uploads\/2021\/12\/EUPHE-Klaus-Hekking-VPH-Germany-Pic-1.jpg","datePublished":"2021-12-29T09:22:27+00:00","dateModified":"2022-04-03T10:29:04+00:00","author":{"@id":"https:\/\/euphe.eu\/#\/schema\/person\/4a67c3378658a19bc81bb8f0ed6326d3"},"breadcrumb":{"@id":"https:\/\/euphe.eu\/relief-in-the-presidency-of-euphe-klaus-hekking-vph-germany\/#breadcrumb"},"inLanguage":"de","potentialAction":[{"@type":"ReadAction","target":["https:\/\/euphe.eu\/relief-in-the-presidency-of-euphe-klaus-hekking-vph-germany\/"]}]},{"@type":"ImageObject","inLanguage":"de","@id":"https:\/\/euphe.eu\/relief-in-the-presidency-of-euphe-klaus-hekking-vph-germany\/#primaryimage","url":"https:\/\/euphe.eu\/wp-content\/uploads\/2021\/12\/EUPHE-Klaus-Hekking-VPH-Germany-Pic-1.jpg","contentUrl":"https:\/\/euphe.eu\/wp-content\/uploads\/2021\/12\/EUPHE-Klaus-Hekking-VPH-Germany-Pic-1.jpg","width":1920,"height":1080},{"@type":"BreadcrumbList","@id":"https:\/\/euphe.eu\/relief-in-the-presidency-of-euphe-klaus-hekking-vph-germany\/#breadcrumb","itemListElement":[{"@type":"ListItem","position":1,"name":"Home","item":"https:\/\/euphe.eu\/"},{"@type":"ListItem","position":2,"name":"Entlastung im Vorsitz der EUPHE Klaus Hekking VPH Deutschland"}]},{"@type":"WebSite","@id":"https:\/\/euphe.eu\/#website","url":"https:\/\/euphe.eu\/","name":"EUPHE","description":"The Alliance of Non-State Higher Education Institutions","potentialAction":[{"@type":"SearchAction","target":{"@type":"EntryPoint","urlTemplate":"https:\/\/euphe.eu\/?s={search_term_string}"},"query-input":{"@type":"PropertyValueSpecification","valueRequired":true,"valueName":"search_term_string"}}],"inLanguage":"de"},{"@type":"Person","@id":"https:\/\/euphe.eu\/#\/schema\/person\/4a67c3378658a19bc81bb8f0ed6326d3","name":"EUPHE News","image":{"@type":"ImageObject","inLanguage":"de","@id":"https:\/\/secure.gravatar.com\/avatar\/8af126a59bd7472a7d4e0d93834a5836768c25f3f6948fe558432fa9157f9444?s=96&d=mm&r=g","url":"https:\/\/secure.gravatar.com\/avatar\/8af126a59bd7472a7d4e0d93834a5836768c25f3f6948fe558432fa9157f9444?s=96&d=mm&r=g","contentUrl":"https:\/\/secure.gravatar.com\/avatar\/8af126a59bd7472a7d4e0d93834a5836768c25f3f6948fe558432fa9157f9444?s=96&d=mm&r=g","caption":"EUPHE News"},"sameAs":["https:\/\/euphe.eu"],"url":"https:\/\/euphe.eu\/de\/author\/developer\/"}]}},"_links":{"self":[{"href":"https:\/\/euphe.eu\/de\/wp-json\/wp\/v2\/posts\/711","targetHints":{"allow":["GET"]}}],"collection":[{"href":"https:\/\/euphe.eu\/de\/wp-json\/wp\/v2\/posts"}],"about":[{"href":"https:\/\/euphe.eu\/de\/wp-json\/wp\/v2\/types\/post"}],"author":[{"embeddable":true,"href":"https:\/\/euphe.eu\/de\/wp-json\/wp\/v2\/users\/1"}],"replies":[{"embeddable":true,"href":"https:\/\/euphe.eu\/de\/wp-json\/wp\/v2\/comments?post=711"}],"version-history":[{"count":3,"href":"https:\/\/euphe.eu\/de\/wp-json\/wp\/v2\/posts\/711\/revisions"}],"predecessor-version":[{"id":722,"href":"https:\/\/euphe.eu\/de\/wp-json\/wp\/v2\/posts\/711\/revisions\/722"}],"wp:featuredmedia":[{"embeddable":true,"href":"https:\/\/euphe.eu\/de\/wp-json\/wp\/v2\/media\/654"}],"wp:attachment":[{"href":"https:\/\/euphe.eu\/de\/wp-json\/wp\/v2\/media?parent=711"}],"wp:term":[{"taxonomy":"category","embeddable":true,"href":"https:\/\/euphe.eu\/de\/wp-json\/wp\/v2\/categories?post=711"},{"taxonomy":"post_tag","embeddable":true,"href":"https:\/\/euphe.eu\/de\/wp-json\/wp\/v2\/tags?post=711"}],"curies":[{"name":"wp","href":"https:\/\/api.w.org\/{rel}","templated":true}]}}