{"id":828,"date":"2019-08-05T11:44:37","date_gmt":"2019-08-05T11:44:37","guid":{"rendered":"https:\/\/euphe.eu\/euphe-in-lisabon\/"},"modified":"2022-01-16T22:59:25","modified_gmt":"2022-01-16T22:59:25","slug":"euphe-in-lisabon","status":"publish","type":"post","link":"https:\/\/euphe.eu\/de\/euphe-in-lisabon\/","title":{"rendered":"EUPHE in <br>Lisabon"},"content":{"rendered":"<div class=\"cz_is_blank single_con post-1195 post type-post status-publish format-standard has-post-thumbnail hentry category-noticias clr\">\n<div class=\"cz_post_content\">\n<p>Am 4. April fand die EUPHE-Tagung in Portugal, an der Lus\u00edada-Universit\u00e4t in Lissabon, statt. An der Sitzung nahmen Vertreter der folgenden Einrichtungen teil: Jo\u00e3o Redondo, Miguel Copetto und Jos\u00e9 Manuel Silva von der APESP; Antonio Alonso von der AEEN; Jean-Michel Nicolle, Lamia Rouai, S\u00e9verine Messier, Estelle Macabre von der UGEI; Bertrand Doncieux von der UNFL; und Klaus Hekking von der VPH. Die Teilnehmer des Treffens diskutierten \u00fcber Partnerschaften zwischen Institutionen, den Aufbau eines Netzwerks privater Universit\u00e4ten und die Verbesserung des wissenschaftlichen Austauschs. Bei diesem Treffen wurde auch beschlossen, einen internationalen EUPHE-Kongress zu veranstalten, der sich f\u00fcr die private Hochschulbildung in einem demokratischeren, freieren und st\u00e4rkeren Europa einsetzen soll.<\/p>\n<\/div>\n<\/div>\n","protected":false},"excerpt":{"rendered":"<p>Am 4. April fand die EUPHE-Tagung in Portugal, an der Lus\u00edada-Universit\u00e4t in Lissabon, statt. An der Sitzung nahmen Vertreter der folgenden Einrichtungen teil: Jo\u00e3o Redondo, [&hellip;]<\/p>\n","protected":false},"author":1,"featured_media":607,"comment_status":"open","ping_status":"open","sticky":false,"template":"","format":"standard","meta":{"_acf_changed":false,"footnotes":""},"categories":[52],"tags":[],"class_list":["post-828","post","type-post","status-publish","format-standard","has-post-thumbnail","hentry","category-organisation-nachrichten"],"acf":[],"yoast_head":"<!-- This site is optimized with the Yoast SEO plugin v27.4 - https:\/\/yoast.com\/product\/yoast-seo-wordpress\/ -->\n<title>EUPHE in Lisabon - EUPHE<\/title>\n<meta name=\"robots\" content=\"index, follow, max-snippet:-1, max-image-preview:large, max-video-preview:-1\" \/>\n<link rel=\"canonical\" href=\"https:\/\/euphe.eu\/euphe-in-lisabon\/\" \/>\n<meta property=\"og:locale\" content=\"de_DE\" \/>\n<meta property=\"og:type\" content=\"article\" \/>\n<meta property=\"og:title\" content=\"EUPHE in Lisabon - EUPHE\" \/>\n<meta property=\"og:description\" content=\"Am 4. April fand die EUPHE-Tagung in Portugal, an der Lus\u00edada-Universit\u00e4t in Lissabon, statt. An der Sitzung nahmen Vertreter der folgenden Einrichtungen teil: Jo\u00e3o Redondo, [&hellip;]\" \/>\n<meta property=\"og:url\" content=\"https:\/\/euphe.eu\/euphe-in-lisabon\/\" \/>\n<meta property=\"og:site_name\" content=\"EUPHE\" \/>\n<meta property=\"article:published_time\" content=\"2019-08-05T11:44:37+00:00\" \/>\n<meta property=\"article:modified_time\" content=\"2022-01-16T22:59:25+00:00\" \/>\n<meta property=\"og:image\" content=\"https:\/\/euphe.eu\/wp-content\/uploads\/2019\/08\/EUPHE-in-Lisabon-2.jpg\" \/>\n\t<meta property=\"og:image:width\" content=\"1920\" \/>\n\t<meta property=\"og:image:height\" content=\"1080\" \/>\n\t<meta property=\"og:image:type\" content=\"image\/jpeg\" \/>\n<meta name=\"author\" content=\"EUPHE News\" \/>\n<meta name=\"twitter:card\" content=\"summary_large_image\" \/>\n<meta name=\"twitter:label1\" content=\"Verfasst von\" \/>\n\t<meta name=\"twitter:data1\" content=\"EUPHE News\" \/>\n\t<meta name=\"twitter:label2\" content=\"Gesch\u00e4tzte Lesezeit\" \/>\n\t<meta name=\"twitter:data2\" content=\"1\u00a0Minute\" \/>\n<script type=\"application\/ld+json\" class=\"yoast-schema-graph\">{\"@context\":\"https:\\\/\\\/schema.org\",\"@graph\":[{\"@type\":\"Article\",\"@id\":\"https:\\\/\\\/euphe.eu\\\/euphe-in-lisabon\\\/#article\",\"isPartOf\":{\"@id\":\"https:\\\/\\\/euphe.eu\\\/euphe-in-lisabon\\\/\"},\"author\":{\"name\":\"EUPHE News\",\"@id\":\"https:\\\/\\\/euphe.eu\\\/#\\\/schema\\\/person\\\/4a67c3378658a19bc81bb8f0ed6326d3\"},\"headline\":\"EUPHE in Lisabon\",\"datePublished\":\"2019-08-05T11:44:37+00:00\",\"dateModified\":\"2022-01-16T22:59:25+00:00\",\"mainEntityOfPage\":{\"@id\":\"https:\\\/\\\/euphe.eu\\\/euphe-in-lisabon\\\/\"},\"wordCount\":117,\"commentCount\":0,\"image\":{\"@id\":\"https:\\\/\\\/euphe.eu\\\/euphe-in-lisabon\\\/#primaryimage\"},\"thumbnailUrl\":\"https:\\\/\\\/euphe.eu\\\/wp-content\\\/uploads\\\/2019\\\/08\\\/EUPHE-in-Lisabon-2.jpg\",\"articleSection\":[\"Organisation Nachrichten\"],\"inLanguage\":\"de\"},{\"@type\":\"WebPage\",\"@id\":\"https:\\\/\\\/euphe.eu\\\/euphe-in-lisabon\\\/\",\"url\":\"https:\\\/\\\/euphe.eu\\\/euphe-in-lisabon\\\/\",\"name\":\"EUPHE in Lisabon - EUPHE\",\"isPartOf\":{\"@id\":\"https:\\\/\\\/euphe.eu\\\/#website\"},\"primaryImageOfPage\":{\"@id\":\"https:\\\/\\\/euphe.eu\\\/euphe-in-lisabon\\\/#primaryimage\"},\"image\":{\"@id\":\"https:\\\/\\\/euphe.eu\\\/euphe-in-lisabon\\\/#primaryimage\"},\"thumbnailUrl\":\"https:\\\/\\\/euphe.eu\\\/wp-content\\\/uploads\\\/2019\\\/08\\\/EUPHE-in-Lisabon-2.jpg\",\"datePublished\":\"2019-08-05T11:44:37+00:00\",\"dateModified\":\"2022-01-16T22:59:25+00:00\",\"author\":{\"@id\":\"https:\\\/\\\/euphe.eu\\\/#\\\/schema\\\/person\\\/4a67c3378658a19bc81bb8f0ed6326d3\"},\"breadcrumb\":{\"@id\":\"https:\\\/\\\/euphe.eu\\\/euphe-in-lisabon\\\/#breadcrumb\"},\"inLanguage\":\"de\",\"potentialAction\":[{\"@type\":\"ReadAction\",\"target\":[\"https:\\\/\\\/euphe.eu\\\/euphe-in-lisabon\\\/\"]}]},{\"@type\":\"ImageObject\",\"inLanguage\":\"de\",\"@id\":\"https:\\\/\\\/euphe.eu\\\/euphe-in-lisabon\\\/#primaryimage\",\"url\":\"https:\\\/\\\/euphe.eu\\\/wp-content\\\/uploads\\\/2019\\\/08\\\/EUPHE-in-Lisabon-2.jpg\",\"contentUrl\":\"https:\\\/\\\/euphe.eu\\\/wp-content\\\/uploads\\\/2019\\\/08\\\/EUPHE-in-Lisabon-2.jpg\",\"width\":1920,\"height\":1080},{\"@type\":\"BreadcrumbList\",\"@id\":\"https:\\\/\\\/euphe.eu\\\/euphe-in-lisabon\\\/#breadcrumb\",\"itemListElement\":[{\"@type\":\"ListItem\",\"position\":1,\"name\":\"Home\",\"item\":\"https:\\\/\\\/euphe.eu\\\/\"},{\"@type\":\"ListItem\",\"position\":2,\"name\":\"EUPHE in Lisabon\"}]},{\"@type\":\"WebSite\",\"@id\":\"https:\\\/\\\/euphe.eu\\\/#website\",\"url\":\"https:\\\/\\\/euphe.eu\\\/\",\"name\":\"EUPHE\",\"description\":\"The Alliance of Non-State Higher Education Institutions\",\"potentialAction\":[{\"@type\":\"SearchAction\",\"target\":{\"@type\":\"EntryPoint\",\"urlTemplate\":\"https:\\\/\\\/euphe.eu\\\/?s={search_term_string}\"},\"query-input\":{\"@type\":\"PropertyValueSpecification\",\"valueRequired\":true,\"valueName\":\"search_term_string\"}}],\"inLanguage\":\"de\"},{\"@type\":\"Person\",\"@id\":\"https:\\\/\\\/euphe.eu\\\/#\\\/schema\\\/person\\\/4a67c3378658a19bc81bb8f0ed6326d3\",\"name\":\"EUPHE News\",\"image\":{\"@type\":\"ImageObject\",\"inLanguage\":\"de\",\"@id\":\"https:\\\/\\\/secure.gravatar.com\\\/avatar\\\/8af126a59bd7472a7d4e0d93834a5836768c25f3f6948fe558432fa9157f9444?s=96&d=mm&r=g\",\"url\":\"https:\\\/\\\/secure.gravatar.com\\\/avatar\\\/8af126a59bd7472a7d4e0d93834a5836768c25f3f6948fe558432fa9157f9444?s=96&d=mm&r=g\",\"contentUrl\":\"https:\\\/\\\/secure.gravatar.com\\\/avatar\\\/8af126a59bd7472a7d4e0d93834a5836768c25f3f6948fe558432fa9157f9444?s=96&d=mm&r=g\",\"caption\":\"EUPHE News\"},\"sameAs\":[\"https:\\\/\\\/euphe.eu\"],\"url\":\"https:\\\/\\\/euphe.eu\\\/de\\\/author\\\/developer\\\/\"}]}<\/script>\n<!-- \/ Yoast SEO plugin. -->","yoast_head_json":{"title":"EUPHE in Lisabon - EUPHE","robots":{"index":"index","follow":"follow","max-snippet":"max-snippet:-1","max-image-preview":"max-image-preview:large","max-video-preview":"max-video-preview:-1"},"canonical":"https:\/\/euphe.eu\/euphe-in-lisabon\/","og_locale":"de_DE","og_type":"article","og_title":"EUPHE in Lisabon - EUPHE","og_description":"Am 4. April fand die EUPHE-Tagung in Portugal, an der Lus\u00edada-Universit\u00e4t in Lissabon, statt. An der Sitzung nahmen Vertreter der folgenden Einrichtungen teil: Jo\u00e3o Redondo, [&hellip;]","og_url":"https:\/\/euphe.eu\/euphe-in-lisabon\/","og_site_name":"EUPHE","article_published_time":"2019-08-05T11:44:37+00:00","article_modified_time":"2022-01-16T22:59:25+00:00","og_image":[{"width":1920,"height":1080,"url":"https:\/\/euphe.eu\/wp-content\/uploads\/2019\/08\/EUPHE-in-Lisabon-2.jpg","type":"image\/jpeg"}],"author":"EUPHE News","twitter_card":"summary_large_image","twitter_misc":{"Verfasst von":"EUPHE News","Gesch\u00e4tzte Lesezeit":"1\u00a0Minute"},"schema":{"@context":"https:\/\/schema.org","@graph":[{"@type":"Article","@id":"https:\/\/euphe.eu\/euphe-in-lisabon\/#article","isPartOf":{"@id":"https:\/\/euphe.eu\/euphe-in-lisabon\/"},"author":{"name":"EUPHE News","@id":"https:\/\/euphe.eu\/#\/schema\/person\/4a67c3378658a19bc81bb8f0ed6326d3"},"headline":"EUPHE in Lisabon","datePublished":"2019-08-05T11:44:37+00:00","dateModified":"2022-01-16T22:59:25+00:00","mainEntityOfPage":{"@id":"https:\/\/euphe.eu\/euphe-in-lisabon\/"},"wordCount":117,"commentCount":0,"image":{"@id":"https:\/\/euphe.eu\/euphe-in-lisabon\/#primaryimage"},"thumbnailUrl":"https:\/\/euphe.eu\/wp-content\/uploads\/2019\/08\/EUPHE-in-Lisabon-2.jpg","articleSection":["Organisation Nachrichten"],"inLanguage":"de"},{"@type":"WebPage","@id":"https:\/\/euphe.eu\/euphe-in-lisabon\/","url":"https:\/\/euphe.eu\/euphe-in-lisabon\/","name":"EUPHE in Lisabon - EUPHE","isPartOf":{"@id":"https:\/\/euphe.eu\/#website"},"primaryImageOfPage":{"@id":"https:\/\/euphe.eu\/euphe-in-lisabon\/#primaryimage"},"image":{"@id":"https:\/\/euphe.eu\/euphe-in-lisabon\/#primaryimage"},"thumbnailUrl":"https:\/\/euphe.eu\/wp-content\/uploads\/2019\/08\/EUPHE-in-Lisabon-2.jpg","datePublished":"2019-08-05T11:44:37+00:00","dateModified":"2022-01-16T22:59:25+00:00","author":{"@id":"https:\/\/euphe.eu\/#\/schema\/person\/4a67c3378658a19bc81bb8f0ed6326d3"},"breadcrumb":{"@id":"https:\/\/euphe.eu\/euphe-in-lisabon\/#breadcrumb"},"inLanguage":"de","potentialAction":[{"@type":"ReadAction","target":["https:\/\/euphe.eu\/euphe-in-lisabon\/"]}]},{"@type":"ImageObject","inLanguage":"de","@id":"https:\/\/euphe.eu\/euphe-in-lisabon\/#primaryimage","url":"https:\/\/euphe.eu\/wp-content\/uploads\/2019\/08\/EUPHE-in-Lisabon-2.jpg","contentUrl":"https:\/\/euphe.eu\/wp-content\/uploads\/2019\/08\/EUPHE-in-Lisabon-2.jpg","width":1920,"height":1080},{"@type":"BreadcrumbList","@id":"https:\/\/euphe.eu\/euphe-in-lisabon\/#breadcrumb","itemListElement":[{"@type":"ListItem","position":1,"name":"Home","item":"https:\/\/euphe.eu\/"},{"@type":"ListItem","position":2,"name":"EUPHE in Lisabon"}]},{"@type":"WebSite","@id":"https:\/\/euphe.eu\/#website","url":"https:\/\/euphe.eu\/","name":"EUPHE","description":"The Alliance of Non-State Higher Education Institutions","potentialAction":[{"@type":"SearchAction","target":{"@type":"EntryPoint","urlTemplate":"https:\/\/euphe.eu\/?s={search_term_string}"},"query-input":{"@type":"PropertyValueSpecification","valueRequired":true,"valueName":"search_term_string"}}],"inLanguage":"de"},{"@type":"Person","@id":"https:\/\/euphe.eu\/#\/schema\/person\/4a67c3378658a19bc81bb8f0ed6326d3","name":"EUPHE News","image":{"@type":"ImageObject","inLanguage":"de","@id":"https:\/\/secure.gravatar.com\/avatar\/8af126a59bd7472a7d4e0d93834a5836768c25f3f6948fe558432fa9157f9444?s=96&d=mm&r=g","url":"https:\/\/secure.gravatar.com\/avatar\/8af126a59bd7472a7d4e0d93834a5836768c25f3f6948fe558432fa9157f9444?s=96&d=mm&r=g","contentUrl":"https:\/\/secure.gravatar.com\/avatar\/8af126a59bd7472a7d4e0d93834a5836768c25f3f6948fe558432fa9157f9444?s=96&d=mm&r=g","caption":"EUPHE News"},"sameAs":["https:\/\/euphe.eu"],"url":"https:\/\/euphe.eu\/de\/author\/developer\/"}]}},"_links":{"self":[{"href":"https:\/\/euphe.eu\/de\/wp-json\/wp\/v2\/posts\/828","targetHints":{"allow":["GET"]}}],"collection":[{"href":"https:\/\/euphe.eu\/de\/wp-json\/wp\/v2\/posts"}],"about":[{"href":"https:\/\/euphe.eu\/de\/wp-json\/wp\/v2\/types\/post"}],"author":[{"embeddable":true,"href":"https:\/\/euphe.eu\/de\/wp-json\/wp\/v2\/users\/1"}],"replies":[{"embeddable":true,"href":"https:\/\/euphe.eu\/de\/wp-json\/wp\/v2\/comments?post=828"}],"version-history":[{"count":2,"href":"https:\/\/euphe.eu\/de\/wp-json\/wp\/v2\/posts\/828\/revisions"}],"predecessor-version":[{"id":840,"href":"https:\/\/euphe.eu\/de\/wp-json\/wp\/v2\/posts\/828\/revisions\/840"}],"wp:featuredmedia":[{"embeddable":true,"href":"https:\/\/euphe.eu\/de\/wp-json\/wp\/v2\/media\/607"}],"wp:attachment":[{"href":"https:\/\/euphe.eu\/de\/wp-json\/wp\/v2\/media?parent=828"}],"wp:term":[{"taxonomy":"category","embeddable":true,"href":"https:\/\/euphe.eu\/de\/wp-json\/wp\/v2\/categories?post=828"},{"taxonomy":"post_tag","embeddable":true,"href":"https:\/\/euphe.eu\/de\/wp-json\/wp\/v2\/tags?post=828"}],"curies":[{"name":"wp","href":"https:\/\/api.w.org\/{rel}","templated":true}]}}