{"id":887,"date":"2018-11-25T12:03:17","date_gmt":"2018-11-25T12:03:17","guid":{"rendered":"https:\/\/euphe.eu\/euphe-formal-constitution\/"},"modified":"2022-01-16T23:17:15","modified_gmt":"2022-01-16T23:17:15","slug":"euphe-formal-constituicao","status":"publish","type":"post","link":"https:\/\/euphe.eu\/pt-pt\/euphe-formal-constituicao\/","title":{"rendered":"EUPHE formal <br>constitui\u00e7\u00e3o"},"content":{"rendered":"<p>A 26 de Junho, em Bruxelas, as cinco associa\u00e7\u00f5es promotoras da EUPHE reuniram-se para se constitu\u00edrem ao abrigo da lei belga como uma associa\u00e7\u00e3o internacional sem fins lucrativos.<\/p>\n<p><strong>CONSTITUI\u00c7\u00c3O<\/strong><\/p>\n<p>O ano dois mil e dezoito,<\/p>\n<p>26 de Junho.<\/p>\n<p>Antes de n\u00f3s, <strong>R\u00e9gis Dechamps<\/strong>, not\u00e1rio residente em Schaerbeek-Bruxelas;<\/p>\n<p><strong>Apareceu o seguinte:<\/strong><\/p>\n<p>1 A associa\u00e7\u00e3o &#8220;Asociacion Espa\u00f1ola de Escuelas de Negocios para Formacion de Directivos&#8221; em forma abreviada AEEN, com sede social em 28001 Madrid (Espanha) Calle Velazquez 27 , 5\u00b0centro dcha, inscrita no Registo de Associa\u00e7\u00f5es com o n\u00famero grupo 1\u00b0 seccion 1a n\u00famero nacional 592828, empresa n\u00famero bis 0698. 806.014, representada pelo seu presidente, Sr. ALONSO SANCHEZ, Antonio Agustin, n\u00famero nacional bis 63.46.29-265.25, com endere\u00e7o para atendimento na sede da associa\u00e7\u00e3o;<\/p>\n<p>A associa\u00e7\u00e3o &#8220;Associa\u00e7\u00e3o Portuguesa do Ensino Superior Privado&#8221;, abreviadamente APESP, com sede social em 1050-188 Lisboa (Portugal) Avenida da Republica 47, 1\u00b0, inscrita no Registo das Associa\u00e7\u00f5es sob o n\u00famero 503.174.670, empresa n\u00famero 0698.806.212, representada pelo seu presidente, Sr. PIRES DUARTE REDONDO Jo\u00e3o Jos\u00e9, n\u00famero nacional 60.46.23-189.24, com domic\u00edlio escolhido na sede social da associa\u00e7\u00e3o<\/p>\n<p>A associa\u00e7\u00e3o &#8220;Union des Grandes \u00c9coles Ind\u00e9pendantes&#8221;, abreviada para UGEI, com sede social em 75015 Paris (Fran\u00e7a), Rue Carrier Belleuse, 11, inscrita no registo SIRENE sob o n\u00famero 453 957 623, empresa n\u00famero 0698.806.608, representada pelo seu presidente, Sr. Jean-Michel NICOLLE, n\u00famero nacional 51.51.28-075.28, que elegeu o domic\u00edlio na sede social da associa\u00e7\u00e3o;<\/p>\n<p>A associa\u00e7\u00e3o &#8220;Union des Nouvelles Facult\u00e9s Libres&#8221;, abreviadamente UNFL, tem a sua sede em 75014 Paris (Fran\u00e7a), Avenue Denfert Rochereau 70, n\u00famero de rolo 07\/0132, empresa n\u00famero 0698.806.806, representada pelo Sr. DONCIEUX Bertrand Michel Antoine Vladimir, n\u00famero nacional 48. 46.15091.13, elegendo domic\u00edlio na sede da associa\u00e7\u00e3o, em virtude de uma procura\u00e7\u00e3o privada que, ap\u00f3s ter sido examinada pelo representante que interveio pessoalmente e reconhecida por ele como sendo do seu signat\u00e1rio, permanecer\u00e1 em anexo;<\/p>\n<p>A associa\u00e7\u00e3o &#8220;Verband der Privaten Hochschulen ev&#8221;, abreviada para VPH, com sede social em 69123 Heidelberg (Alemanha), Bonhoefferstrasse 1, inscrita no registo de associa\u00e7\u00f5es de Mannheim sob o n\u00famero VR 333592, empresa n\u00famero 0698.807. 202, representada pelo Sr. HEKKING Klaus Hans, n\u00famero nacional 50.42.14-083.65, com domic\u00edlio na sede social da associa\u00e7\u00e3o, em virtude de procura\u00e7\u00e3o particular, a qual, ap\u00f3s ter sido examinada pelo representante que interveio pessoalmente e reconhecida por ele como sendo do seu signat\u00e1rio, permanece ligada;<\/p>\n<p><strong>A associa\u00e7\u00e3o &#8220;Confer\u00eancia Austr\u00edaca de Universidades Privadas&#8221;, em suma<\/strong><\/p>\n<p>\u00d6PUK, com sede social em 1190 Viena (\u00c1ustria), Am Kahlenberg, 1, inscrita no registo das associa\u00e7\u00f5es sob o n\u00famero 975682782, empresa n\u00famero bis 0698.807.301, representada pelo seu presidente, Sr. W\u00d6BER Karl, n\u00famero nacional bis 64.44.01-341.20, com elei\u00e7\u00e3o de resid\u00eancia na sede social da associa\u00e7\u00e3o; Depois de ter sido examinada pessoalmente pelos intervenientes e reconhecida pelos mesmos como procedente dos seus respectivos signat\u00e1rios, permanecer\u00e1 em anexo. Os participantes declaram estar validamente representados de acordo com as suas respectivas leis e estatutos e, se necess\u00e1rio, serem os garantes das referidas associa\u00e7\u00f5es.<\/p>\n<p><strong>Interven\u00e7\u00f5es<\/strong><\/p>\n<p>Na presen\u00e7a dos Srs. RUIZ SAIZ Jorge Juan, FAROL DE JESUS SILVA COPETO Miguel Angelo, e HALDER Thomas, participantes e testemunhas da presente constitui\u00e7\u00e3o.<\/p>\n<p>Os participantes solicitaram ao not\u00e1rio abaixo assinado que autenticasse o seguinte:<\/p>\n<h3>CONSTITUI\u00c7\u00c3O<\/h3>\n<p>Constituem entre si uma associa\u00e7\u00e3o internacional sem fins lucrativos, adiante designada por &#8220;associa\u00e7\u00e3o&#8221; ou as iniciais &#8220;AISBL&#8221;, que declaram constituir, em conformidade com a lei belga de vinte e sete de Junho de dezanove mil e vinte e um, sob o nome de &#8220;Uni\u00e3o Europeia do Ensino Superior Privado&#8221; e cuja sede social ser\u00e1 estabelecida em 1040 Etterbeek, Rue Belliard, 20 caixas 1.<\/p>\n","protected":false},"excerpt":{"rendered":"<p>A 26 de Junho, em Bruxelas, as cinco associa\u00e7\u00f5es promotoras da EUPHE reuniram-se para se constitu\u00edrem ao abrigo da lei belga como uma associa\u00e7\u00e3o internacional [&hellip;]<\/p>\n","protected":false},"author":1,"featured_media":624,"comment_status":"open","ping_status":"open","sticky":false,"template":"","format":"standard","meta":{"_acf_changed":false,"footnotes":""},"categories":[54],"tags":[],"class_list":["post-887","post","type-post","status-publish","format-standard","has-post-thumbnail","hentry","category-noticias-da-organizacao"],"acf":[],"yoast_head":"<!-- This site is optimized with the Yoast SEO plugin v27.4 - https:\/\/yoast.com\/product\/yoast-seo-wordpress\/ -->\n<title>EUPHE formal constitui\u00e7\u00e3o - EUPHE<\/title>\n<meta name=\"robots\" content=\"index, follow, max-snippet:-1, max-image-preview:large, max-video-preview:-1\" \/>\n<link rel=\"canonical\" href=\"https:\/\/euphe.eu\/euphe-formal-constitution\/\" \/>\n<meta property=\"og:locale\" content=\"pt_PT\" \/>\n<meta property=\"og:type\" content=\"article\" \/>\n<meta property=\"og:title\" content=\"EUPHE formal constitui\u00e7\u00e3o - EUPHE\" \/>\n<meta property=\"og:description\" content=\"A 26 de Junho, em Bruxelas, as cinco associa\u00e7\u00f5es promotoras da EUPHE reuniram-se para se constitu\u00edrem ao abrigo da lei belga como uma associa\u00e7\u00e3o internacional [&hellip;]\" \/>\n<meta property=\"og:url\" content=\"https:\/\/euphe.eu\/euphe-formal-constitution\/\" \/>\n<meta property=\"og:site_name\" content=\"EUPHE\" \/>\n<meta property=\"article:published_time\" content=\"2018-11-25T12:03:17+00:00\" \/>\n<meta property=\"article:modified_time\" content=\"2022-01-16T23:17:15+00:00\" \/>\n<meta property=\"og:image\" content=\"https:\/\/euphe.eu\/wp-content\/uploads\/2018\/11\/EUPHE-formal-constitution-1.jpg\" \/>\n\t<meta property=\"og:image:width\" content=\"1920\" \/>\n\t<meta property=\"og:image:height\" content=\"1080\" \/>\n\t<meta property=\"og:image:type\" content=\"image\/jpeg\" \/>\n<meta name=\"author\" content=\"EUPHE News\" \/>\n<meta name=\"twitter:card\" content=\"summary_large_image\" \/>\n<meta name=\"twitter:label1\" content=\"Escrito por\" \/>\n\t<meta name=\"twitter:data1\" content=\"EUPHE News\" \/>\n\t<meta name=\"twitter:label2\" content=\"Tempo estimado de leitura\" \/>\n\t<meta name=\"twitter:data2\" content=\"3 minutos\" \/>\n<script type=\"application\/ld+json\" class=\"yoast-schema-graph\">{\"@context\":\"https:\\\/\\\/schema.org\",\"@graph\":[{\"@type\":\"Article\",\"@id\":\"https:\\\/\\\/euphe.eu\\\/euphe-formal-constitution\\\/#article\",\"isPartOf\":{\"@id\":\"https:\\\/\\\/euphe.eu\\\/euphe-formal-constitution\\\/\"},\"author\":{\"name\":\"EUPHE News\",\"@id\":\"https:\\\/\\\/euphe.eu\\\/#\\\/schema\\\/person\\\/4a67c3378658a19bc81bb8f0ed6326d3\"},\"headline\":\"EUPHE formal constitui\u00e7\u00e3o\",\"datePublished\":\"2018-11-25T12:03:17+00:00\",\"dateModified\":\"2022-01-16T23:17:15+00:00\",\"mainEntityOfPage\":{\"@id\":\"https:\\\/\\\/euphe.eu\\\/euphe-formal-constitution\\\/\"},\"wordCount\":621,\"commentCount\":0,\"image\":{\"@id\":\"https:\\\/\\\/euphe.eu\\\/euphe-formal-constitution\\\/#primaryimage\"},\"thumbnailUrl\":\"https:\\\/\\\/euphe.eu\\\/wp-content\\\/uploads\\\/2018\\\/11\\\/EUPHE-formal-constitution-1.jpg\",\"articleSection\":[\"Not\u00edcias da Organiza\u00e7\u00e3o\"],\"inLanguage\":\"pt-PT\"},{\"@type\":\"WebPage\",\"@id\":\"https:\\\/\\\/euphe.eu\\\/euphe-formal-constitution\\\/\",\"url\":\"https:\\\/\\\/euphe.eu\\\/euphe-formal-constitution\\\/\",\"name\":\"EUPHE formal constitui\u00e7\u00e3o - EUPHE\",\"isPartOf\":{\"@id\":\"https:\\\/\\\/euphe.eu\\\/#website\"},\"primaryImageOfPage\":{\"@id\":\"https:\\\/\\\/euphe.eu\\\/euphe-formal-constitution\\\/#primaryimage\"},\"image\":{\"@id\":\"https:\\\/\\\/euphe.eu\\\/euphe-formal-constitution\\\/#primaryimage\"},\"thumbnailUrl\":\"https:\\\/\\\/euphe.eu\\\/wp-content\\\/uploads\\\/2018\\\/11\\\/EUPHE-formal-constitution-1.jpg\",\"datePublished\":\"2018-11-25T12:03:17+00:00\",\"dateModified\":\"2022-01-16T23:17:15+00:00\",\"author\":{\"@id\":\"https:\\\/\\\/euphe.eu\\\/#\\\/schema\\\/person\\\/4a67c3378658a19bc81bb8f0ed6326d3\"},\"breadcrumb\":{\"@id\":\"https:\\\/\\\/euphe.eu\\\/euphe-formal-constitution\\\/#breadcrumb\"},\"inLanguage\":\"pt-PT\",\"potentialAction\":[{\"@type\":\"ReadAction\",\"target\":[\"https:\\\/\\\/euphe.eu\\\/euphe-formal-constitution\\\/\"]}]},{\"@type\":\"ImageObject\",\"inLanguage\":\"pt-PT\",\"@id\":\"https:\\\/\\\/euphe.eu\\\/euphe-formal-constitution\\\/#primaryimage\",\"url\":\"https:\\\/\\\/euphe.eu\\\/wp-content\\\/uploads\\\/2018\\\/11\\\/EUPHE-formal-constitution-1.jpg\",\"contentUrl\":\"https:\\\/\\\/euphe.eu\\\/wp-content\\\/uploads\\\/2018\\\/11\\\/EUPHE-formal-constitution-1.jpg\",\"width\":1920,\"height\":1080},{\"@type\":\"BreadcrumbList\",\"@id\":\"https:\\\/\\\/euphe.eu\\\/euphe-formal-constitution\\\/#breadcrumb\",\"itemListElement\":[{\"@type\":\"ListItem\",\"position\":1,\"name\":\"Home\",\"item\":\"https:\\\/\\\/euphe.eu\\\/\"},{\"@type\":\"ListItem\",\"position\":2,\"name\":\"EUPHE formal constitui\u00e7\u00e3o\"}]},{\"@type\":\"WebSite\",\"@id\":\"https:\\\/\\\/euphe.eu\\\/#website\",\"url\":\"https:\\\/\\\/euphe.eu\\\/\",\"name\":\"EUPHE\",\"description\":\"The Alliance of Non-State Higher Education Institutions\",\"potentialAction\":[{\"@type\":\"SearchAction\",\"target\":{\"@type\":\"EntryPoint\",\"urlTemplate\":\"https:\\\/\\\/euphe.eu\\\/?s={search_term_string}\"},\"query-input\":{\"@type\":\"PropertyValueSpecification\",\"valueRequired\":true,\"valueName\":\"search_term_string\"}}],\"inLanguage\":\"pt-PT\"},{\"@type\":\"Person\",\"@id\":\"https:\\\/\\\/euphe.eu\\\/#\\\/schema\\\/person\\\/4a67c3378658a19bc81bb8f0ed6326d3\",\"name\":\"EUPHE News\",\"image\":{\"@type\":\"ImageObject\",\"inLanguage\":\"pt-PT\",\"@id\":\"https:\\\/\\\/secure.gravatar.com\\\/avatar\\\/8af126a59bd7472a7d4e0d93834a5836768c25f3f6948fe558432fa9157f9444?s=96&d=mm&r=g\",\"url\":\"https:\\\/\\\/secure.gravatar.com\\\/avatar\\\/8af126a59bd7472a7d4e0d93834a5836768c25f3f6948fe558432fa9157f9444?s=96&d=mm&r=g\",\"contentUrl\":\"https:\\\/\\\/secure.gravatar.com\\\/avatar\\\/8af126a59bd7472a7d4e0d93834a5836768c25f3f6948fe558432fa9157f9444?s=96&d=mm&r=g\",\"caption\":\"EUPHE News\"},\"sameAs\":[\"https:\\\/\\\/euphe.eu\"],\"url\":\"https:\\\/\\\/euphe.eu\\\/pt-pt\\\/author\\\/developer\\\/\"}]}<\/script>\n<!-- \/ Yoast SEO plugin. -->","yoast_head_json":{"title":"EUPHE formal constitui\u00e7\u00e3o - EUPHE","robots":{"index":"index","follow":"follow","max-snippet":"max-snippet:-1","max-image-preview":"max-image-preview:large","max-video-preview":"max-video-preview:-1"},"canonical":"https:\/\/euphe.eu\/euphe-formal-constitution\/","og_locale":"pt_PT","og_type":"article","og_title":"EUPHE formal constitui\u00e7\u00e3o - EUPHE","og_description":"A 26 de Junho, em Bruxelas, as cinco associa\u00e7\u00f5es promotoras da EUPHE reuniram-se para se constitu\u00edrem ao abrigo da lei belga como uma associa\u00e7\u00e3o internacional [&hellip;]","og_url":"https:\/\/euphe.eu\/euphe-formal-constitution\/","og_site_name":"EUPHE","article_published_time":"2018-11-25T12:03:17+00:00","article_modified_time":"2022-01-16T23:17:15+00:00","og_image":[{"width":1920,"height":1080,"url":"https:\/\/euphe.eu\/wp-content\/uploads\/2018\/11\/EUPHE-formal-constitution-1.jpg","type":"image\/jpeg"}],"author":"EUPHE News","twitter_card":"summary_large_image","twitter_misc":{"Escrito por":"EUPHE News","Tempo estimado de leitura":"3 minutos"},"schema":{"@context":"https:\/\/schema.org","@graph":[{"@type":"Article","@id":"https:\/\/euphe.eu\/euphe-formal-constitution\/#article","isPartOf":{"@id":"https:\/\/euphe.eu\/euphe-formal-constitution\/"},"author":{"name":"EUPHE News","@id":"https:\/\/euphe.eu\/#\/schema\/person\/4a67c3378658a19bc81bb8f0ed6326d3"},"headline":"EUPHE formal constitui\u00e7\u00e3o","datePublished":"2018-11-25T12:03:17+00:00","dateModified":"2022-01-16T23:17:15+00:00","mainEntityOfPage":{"@id":"https:\/\/euphe.eu\/euphe-formal-constitution\/"},"wordCount":621,"commentCount":0,"image":{"@id":"https:\/\/euphe.eu\/euphe-formal-constitution\/#primaryimage"},"thumbnailUrl":"https:\/\/euphe.eu\/wp-content\/uploads\/2018\/11\/EUPHE-formal-constitution-1.jpg","articleSection":["Not\u00edcias da Organiza\u00e7\u00e3o"],"inLanguage":"pt-PT"},{"@type":"WebPage","@id":"https:\/\/euphe.eu\/euphe-formal-constitution\/","url":"https:\/\/euphe.eu\/euphe-formal-constitution\/","name":"EUPHE formal constitui\u00e7\u00e3o - EUPHE","isPartOf":{"@id":"https:\/\/euphe.eu\/#website"},"primaryImageOfPage":{"@id":"https:\/\/euphe.eu\/euphe-formal-constitution\/#primaryimage"},"image":{"@id":"https:\/\/euphe.eu\/euphe-formal-constitution\/#primaryimage"},"thumbnailUrl":"https:\/\/euphe.eu\/wp-content\/uploads\/2018\/11\/EUPHE-formal-constitution-1.jpg","datePublished":"2018-11-25T12:03:17+00:00","dateModified":"2022-01-16T23:17:15+00:00","author":{"@id":"https:\/\/euphe.eu\/#\/schema\/person\/4a67c3378658a19bc81bb8f0ed6326d3"},"breadcrumb":{"@id":"https:\/\/euphe.eu\/euphe-formal-constitution\/#breadcrumb"},"inLanguage":"pt-PT","potentialAction":[{"@type":"ReadAction","target":["https:\/\/euphe.eu\/euphe-formal-constitution\/"]}]},{"@type":"ImageObject","inLanguage":"pt-PT","@id":"https:\/\/euphe.eu\/euphe-formal-constitution\/#primaryimage","url":"https:\/\/euphe.eu\/wp-content\/uploads\/2018\/11\/EUPHE-formal-constitution-1.jpg","contentUrl":"https:\/\/euphe.eu\/wp-content\/uploads\/2018\/11\/EUPHE-formal-constitution-1.jpg","width":1920,"height":1080},{"@type":"BreadcrumbList","@id":"https:\/\/euphe.eu\/euphe-formal-constitution\/#breadcrumb","itemListElement":[{"@type":"ListItem","position":1,"name":"Home","item":"https:\/\/euphe.eu\/"},{"@type":"ListItem","position":2,"name":"EUPHE formal constitui\u00e7\u00e3o"}]},{"@type":"WebSite","@id":"https:\/\/euphe.eu\/#website","url":"https:\/\/euphe.eu\/","name":"EUPHE","description":"The Alliance of Non-State Higher Education Institutions","potentialAction":[{"@type":"SearchAction","target":{"@type":"EntryPoint","urlTemplate":"https:\/\/euphe.eu\/?s={search_term_string}"},"query-input":{"@type":"PropertyValueSpecification","valueRequired":true,"valueName":"search_term_string"}}],"inLanguage":"pt-PT"},{"@type":"Person","@id":"https:\/\/euphe.eu\/#\/schema\/person\/4a67c3378658a19bc81bb8f0ed6326d3","name":"EUPHE News","image":{"@type":"ImageObject","inLanguage":"pt-PT","@id":"https:\/\/secure.gravatar.com\/avatar\/8af126a59bd7472a7d4e0d93834a5836768c25f3f6948fe558432fa9157f9444?s=96&d=mm&r=g","url":"https:\/\/secure.gravatar.com\/avatar\/8af126a59bd7472a7d4e0d93834a5836768c25f3f6948fe558432fa9157f9444?s=96&d=mm&r=g","contentUrl":"https:\/\/secure.gravatar.com\/avatar\/8af126a59bd7472a7d4e0d93834a5836768c25f3f6948fe558432fa9157f9444?s=96&d=mm&r=g","caption":"EUPHE News"},"sameAs":["https:\/\/euphe.eu"],"url":"https:\/\/euphe.eu\/pt-pt\/author\/developer\/"}]}},"_links":{"self":[{"href":"https:\/\/euphe.eu\/pt-pt\/wp-json\/wp\/v2\/posts\/887","targetHints":{"allow":["GET"]}}],"collection":[{"href":"https:\/\/euphe.eu\/pt-pt\/wp-json\/wp\/v2\/posts"}],"about":[{"href":"https:\/\/euphe.eu\/pt-pt\/wp-json\/wp\/v2\/types\/post"}],"author":[{"embeddable":true,"href":"https:\/\/euphe.eu\/pt-pt\/wp-json\/wp\/v2\/users\/1"}],"replies":[{"embeddable":true,"href":"https:\/\/euphe.eu\/pt-pt\/wp-json\/wp\/v2\/comments?post=887"}],"version-history":[{"count":3,"href":"https:\/\/euphe.eu\/pt-pt\/wp-json\/wp\/v2\/posts\/887\/revisions"}],"predecessor-version":[{"id":903,"href":"https:\/\/euphe.eu\/pt-pt\/wp-json\/wp\/v2\/posts\/887\/revisions\/903"}],"wp:featuredmedia":[{"embeddable":true,"href":"https:\/\/euphe.eu\/pt-pt\/wp-json\/wp\/v2\/media\/624"}],"wp:attachment":[{"href":"https:\/\/euphe.eu\/pt-pt\/wp-json\/wp\/v2\/media?parent=887"}],"wp:term":[{"taxonomy":"category","embeddable":true,"href":"https:\/\/euphe.eu\/pt-pt\/wp-json\/wp\/v2\/categories?post=887"},{"taxonomy":"post_tag","embeddable":true,"href":"https:\/\/euphe.eu\/pt-pt\/wp-json\/wp\/v2\/tags?post=887"}],"curies":[{"name":"wp","href":"https:\/\/api.w.org\/{rel}","templated":true}]}}