{"id":849,"date":"2018-11-26T11:56:14","date_gmt":"2018-11-26T11:56:14","guid":{"rendered":"https:\/\/euphe.eu\/euphe-in-madrid\/"},"modified":"2022-01-16T23:05:17","modified_gmt":"2022-01-16T23:05:17","slug":"euphe-v-madridu","status":"publish","type":"post","link":"https:\/\/euphe.eu\/sl\/euphe-v-madridu\/","title":{"rendered":"EUPHE v <br>Madridu"},"content":{"rendered":"<p>EUPHE ima svoje prvo uradno dejanje v Madridu v \u0160paniji v \u010detrtek, 15. novembra, sodeluje na IV. mednarodnem kongresu poslovnih \u0161ol in AEEN 2018 Awards, njen predsednik Jean Michel Nicolle pa v uvodnem govoru kongresa ob\u010dinstvu predstavi temelje in bistvena na\u010dela za za\u0161\u010dito zasebnega visokega \u0161olstva v Evropski uniji.<\/p>\n<h4>Intervju z Jeanom-Michelom Nicollom, predsednikom EUPHE<\/h4>\n<p><a href=\"http:\/\/www.altodirectivo.com\/aeen-al-dia\/24236\/management-liderazgo-rrhh-economia-estrategia-marketing-\">http:\/\/www.altodirectivo.com\/aeen-al-dia\/24236\/management-liderazgo-rrhh-economia-estrategia-marketing-<\/a><\/p>\n","protected":false},"excerpt":{"rendered":"<p>EUPHE ima svoje prvo uradno dejanje v Madridu v \u0160paniji v \u010detrtek, 15. novembra, sodeluje na IV. mednarodnem kongresu poslovnih \u0161ol in AEEN 2018 Awards, [&hellip;]<\/p>\n","protected":false},"author":1,"featured_media":617,"comment_status":"open","ping_status":"open","sticky":false,"template":"","format":"standard","meta":{"_acf_changed":false,"footnotes":""},"categories":[61],"tags":[],"class_list":["post-849","post","type-post","status-publish","format-standard","has-post-thumbnail","hentry","category-novice"],"acf":[],"yoast_head":"<!-- This site is optimized with the Yoast SEO plugin v27.4 - https:\/\/yoast.com\/product\/yoast-seo-wordpress\/ -->\n<title>EUPHE v Madridu - EUPHE<\/title>\n<meta name=\"robots\" content=\"index, follow, max-snippet:-1, max-image-preview:large, max-video-preview:-1\" \/>\n<link rel=\"canonical\" href=\"https:\/\/euphe.eu\/euphe-in-madrid\/\" \/>\n<meta property=\"og:locale\" content=\"sl_SI\" \/>\n<meta property=\"og:type\" content=\"article\" \/>\n<meta property=\"og:title\" content=\"EUPHE v Madridu - EUPHE\" \/>\n<meta property=\"og:description\" content=\"EUPHE ima svoje prvo uradno dejanje v Madridu v \u0160paniji v \u010detrtek, 15. novembra, sodeluje na IV. mednarodnem kongresu poslovnih \u0161ol in AEEN 2018 Awards, [&hellip;]\" \/>\n<meta property=\"og:url\" content=\"https:\/\/euphe.eu\/euphe-in-madrid\/\" \/>\n<meta property=\"og:site_name\" content=\"EUPHE\" \/>\n<meta property=\"article:published_time\" content=\"2018-11-26T11:56:14+00:00\" \/>\n<meta property=\"article:modified_time\" content=\"2022-01-16T23:05:17+00:00\" \/>\n<meta property=\"og:image\" content=\"https:\/\/euphe.eu\/wp-content\/uploads\/2018\/11\/EUPHE-in-Madrid-1.jpg\" \/>\n\t<meta property=\"og:image:width\" content=\"1920\" \/>\n\t<meta property=\"og:image:height\" content=\"1080\" \/>\n\t<meta property=\"og:image:type\" content=\"image\/jpeg\" \/>\n<meta name=\"author\" content=\"EUPHE News\" \/>\n<meta name=\"twitter:card\" content=\"summary_large_image\" \/>\n<meta name=\"twitter:label1\" content=\"Written by\" \/>\n\t<meta name=\"twitter:data1\" content=\"EUPHE News\" \/>\n<script type=\"application\/ld+json\" class=\"yoast-schema-graph\">{\"@context\":\"https:\\\/\\\/schema.org\",\"@graph\":[{\"@type\":\"Article\",\"@id\":\"https:\\\/\\\/euphe.eu\\\/euphe-in-madrid\\\/#article\",\"isPartOf\":{\"@id\":\"https:\\\/\\\/euphe.eu\\\/euphe-in-madrid\\\/\"},\"author\":{\"name\":\"EUPHE News\",\"@id\":\"https:\\\/\\\/euphe.eu\\\/#\\\/schema\\\/person\\\/4a67c3378658a19bc81bb8f0ed6326d3\"},\"headline\":\"EUPHE v Madridu\",\"datePublished\":\"2018-11-26T11:56:14+00:00\",\"dateModified\":\"2022-01-16T23:05:17+00:00\",\"mainEntityOfPage\":{\"@id\":\"https:\\\/\\\/euphe.eu\\\/euphe-in-madrid\\\/\"},\"wordCount\":65,\"commentCount\":0,\"image\":{\"@id\":\"https:\\\/\\\/euphe.eu\\\/euphe-in-madrid\\\/#primaryimage\"},\"thumbnailUrl\":\"https:\\\/\\\/euphe.eu\\\/wp-content\\\/uploads\\\/2018\\\/11\\\/EUPHE-in-Madrid-1.jpg\",\"articleSection\":[\"Novice\"],\"inLanguage\":\"sl-SI\"},{\"@type\":\"WebPage\",\"@id\":\"https:\\\/\\\/euphe.eu\\\/euphe-in-madrid\\\/\",\"url\":\"https:\\\/\\\/euphe.eu\\\/euphe-in-madrid\\\/\",\"name\":\"EUPHE v Madridu - EUPHE\",\"isPartOf\":{\"@id\":\"https:\\\/\\\/euphe.eu\\\/#website\"},\"primaryImageOfPage\":{\"@id\":\"https:\\\/\\\/euphe.eu\\\/euphe-in-madrid\\\/#primaryimage\"},\"image\":{\"@id\":\"https:\\\/\\\/euphe.eu\\\/euphe-in-madrid\\\/#primaryimage\"},\"thumbnailUrl\":\"https:\\\/\\\/euphe.eu\\\/wp-content\\\/uploads\\\/2018\\\/11\\\/EUPHE-in-Madrid-1.jpg\",\"datePublished\":\"2018-11-26T11:56:14+00:00\",\"dateModified\":\"2022-01-16T23:05:17+00:00\",\"author\":{\"@id\":\"https:\\\/\\\/euphe.eu\\\/#\\\/schema\\\/person\\\/4a67c3378658a19bc81bb8f0ed6326d3\"},\"breadcrumb\":{\"@id\":\"https:\\\/\\\/euphe.eu\\\/euphe-in-madrid\\\/#breadcrumb\"},\"inLanguage\":\"sl-SI\",\"potentialAction\":[{\"@type\":\"ReadAction\",\"target\":[\"https:\\\/\\\/euphe.eu\\\/euphe-in-madrid\\\/\"]}]},{\"@type\":\"ImageObject\",\"inLanguage\":\"sl-SI\",\"@id\":\"https:\\\/\\\/euphe.eu\\\/euphe-in-madrid\\\/#primaryimage\",\"url\":\"https:\\\/\\\/euphe.eu\\\/wp-content\\\/uploads\\\/2018\\\/11\\\/EUPHE-in-Madrid-1.jpg\",\"contentUrl\":\"https:\\\/\\\/euphe.eu\\\/wp-content\\\/uploads\\\/2018\\\/11\\\/EUPHE-in-Madrid-1.jpg\",\"width\":1920,\"height\":1080},{\"@type\":\"BreadcrumbList\",\"@id\":\"https:\\\/\\\/euphe.eu\\\/euphe-in-madrid\\\/#breadcrumb\",\"itemListElement\":[{\"@type\":\"ListItem\",\"position\":1,\"name\":\"Home\",\"item\":\"https:\\\/\\\/euphe.eu\\\/\"},{\"@type\":\"ListItem\",\"position\":2,\"name\":\"EUPHE v Madridu\"}]},{\"@type\":\"WebSite\",\"@id\":\"https:\\\/\\\/euphe.eu\\\/#website\",\"url\":\"https:\\\/\\\/euphe.eu\\\/\",\"name\":\"EUPHE\",\"description\":\"The Alliance of Non-State Higher Education Institutions\",\"potentialAction\":[{\"@type\":\"SearchAction\",\"target\":{\"@type\":\"EntryPoint\",\"urlTemplate\":\"https:\\\/\\\/euphe.eu\\\/?s={search_term_string}\"},\"query-input\":{\"@type\":\"PropertyValueSpecification\",\"valueRequired\":true,\"valueName\":\"search_term_string\"}}],\"inLanguage\":\"sl-SI\"},{\"@type\":\"Person\",\"@id\":\"https:\\\/\\\/euphe.eu\\\/#\\\/schema\\\/person\\\/4a67c3378658a19bc81bb8f0ed6326d3\",\"name\":\"EUPHE News\",\"image\":{\"@type\":\"ImageObject\",\"inLanguage\":\"sl-SI\",\"@id\":\"https:\\\/\\\/secure.gravatar.com\\\/avatar\\\/8af126a59bd7472a7d4e0d93834a5836768c25f3f6948fe558432fa9157f9444?s=96&d=mm&r=g\",\"url\":\"https:\\\/\\\/secure.gravatar.com\\\/avatar\\\/8af126a59bd7472a7d4e0d93834a5836768c25f3f6948fe558432fa9157f9444?s=96&d=mm&r=g\",\"contentUrl\":\"https:\\\/\\\/secure.gravatar.com\\\/avatar\\\/8af126a59bd7472a7d4e0d93834a5836768c25f3f6948fe558432fa9157f9444?s=96&d=mm&r=g\",\"caption\":\"EUPHE News\"},\"sameAs\":[\"https:\\\/\\\/euphe.eu\"],\"url\":\"https:\\\/\\\/euphe.eu\\\/sl\\\/author\\\/developer\\\/\"}]}<\/script>\n<!-- \/ Yoast SEO plugin. -->","yoast_head_json":{"title":"EUPHE v Madridu - EUPHE","robots":{"index":"index","follow":"follow","max-snippet":"max-snippet:-1","max-image-preview":"max-image-preview:large","max-video-preview":"max-video-preview:-1"},"canonical":"https:\/\/euphe.eu\/euphe-in-madrid\/","og_locale":"sl_SI","og_type":"article","og_title":"EUPHE v Madridu - EUPHE","og_description":"EUPHE ima svoje prvo uradno dejanje v Madridu v \u0160paniji v \u010detrtek, 15. novembra, sodeluje na IV. mednarodnem kongresu poslovnih \u0161ol in AEEN 2018 Awards, [&hellip;]","og_url":"https:\/\/euphe.eu\/euphe-in-madrid\/","og_site_name":"EUPHE","article_published_time":"2018-11-26T11:56:14+00:00","article_modified_time":"2022-01-16T23:05:17+00:00","og_image":[{"width":1920,"height":1080,"url":"https:\/\/euphe.eu\/wp-content\/uploads\/2018\/11\/EUPHE-in-Madrid-1.jpg","type":"image\/jpeg"}],"author":"EUPHE News","twitter_card":"summary_large_image","twitter_misc":{"Written by":"EUPHE News"},"schema":{"@context":"https:\/\/schema.org","@graph":[{"@type":"Article","@id":"https:\/\/euphe.eu\/euphe-in-madrid\/#article","isPartOf":{"@id":"https:\/\/euphe.eu\/euphe-in-madrid\/"},"author":{"name":"EUPHE News","@id":"https:\/\/euphe.eu\/#\/schema\/person\/4a67c3378658a19bc81bb8f0ed6326d3"},"headline":"EUPHE v Madridu","datePublished":"2018-11-26T11:56:14+00:00","dateModified":"2022-01-16T23:05:17+00:00","mainEntityOfPage":{"@id":"https:\/\/euphe.eu\/euphe-in-madrid\/"},"wordCount":65,"commentCount":0,"image":{"@id":"https:\/\/euphe.eu\/euphe-in-madrid\/#primaryimage"},"thumbnailUrl":"https:\/\/euphe.eu\/wp-content\/uploads\/2018\/11\/EUPHE-in-Madrid-1.jpg","articleSection":["Novice"],"inLanguage":"sl-SI"},{"@type":"WebPage","@id":"https:\/\/euphe.eu\/euphe-in-madrid\/","url":"https:\/\/euphe.eu\/euphe-in-madrid\/","name":"EUPHE v Madridu - EUPHE","isPartOf":{"@id":"https:\/\/euphe.eu\/#website"},"primaryImageOfPage":{"@id":"https:\/\/euphe.eu\/euphe-in-madrid\/#primaryimage"},"image":{"@id":"https:\/\/euphe.eu\/euphe-in-madrid\/#primaryimage"},"thumbnailUrl":"https:\/\/euphe.eu\/wp-content\/uploads\/2018\/11\/EUPHE-in-Madrid-1.jpg","datePublished":"2018-11-26T11:56:14+00:00","dateModified":"2022-01-16T23:05:17+00:00","author":{"@id":"https:\/\/euphe.eu\/#\/schema\/person\/4a67c3378658a19bc81bb8f0ed6326d3"},"breadcrumb":{"@id":"https:\/\/euphe.eu\/euphe-in-madrid\/#breadcrumb"},"inLanguage":"sl-SI","potentialAction":[{"@type":"ReadAction","target":["https:\/\/euphe.eu\/euphe-in-madrid\/"]}]},{"@type":"ImageObject","inLanguage":"sl-SI","@id":"https:\/\/euphe.eu\/euphe-in-madrid\/#primaryimage","url":"https:\/\/euphe.eu\/wp-content\/uploads\/2018\/11\/EUPHE-in-Madrid-1.jpg","contentUrl":"https:\/\/euphe.eu\/wp-content\/uploads\/2018\/11\/EUPHE-in-Madrid-1.jpg","width":1920,"height":1080},{"@type":"BreadcrumbList","@id":"https:\/\/euphe.eu\/euphe-in-madrid\/#breadcrumb","itemListElement":[{"@type":"ListItem","position":1,"name":"Home","item":"https:\/\/euphe.eu\/"},{"@type":"ListItem","position":2,"name":"EUPHE v Madridu"}]},{"@type":"WebSite","@id":"https:\/\/euphe.eu\/#website","url":"https:\/\/euphe.eu\/","name":"EUPHE","description":"The Alliance of Non-State Higher Education Institutions","potentialAction":[{"@type":"SearchAction","target":{"@type":"EntryPoint","urlTemplate":"https:\/\/euphe.eu\/?s={search_term_string}"},"query-input":{"@type":"PropertyValueSpecification","valueRequired":true,"valueName":"search_term_string"}}],"inLanguage":"sl-SI"},{"@type":"Person","@id":"https:\/\/euphe.eu\/#\/schema\/person\/4a67c3378658a19bc81bb8f0ed6326d3","name":"EUPHE News","image":{"@type":"ImageObject","inLanguage":"sl-SI","@id":"https:\/\/secure.gravatar.com\/avatar\/8af126a59bd7472a7d4e0d93834a5836768c25f3f6948fe558432fa9157f9444?s=96&d=mm&r=g","url":"https:\/\/secure.gravatar.com\/avatar\/8af126a59bd7472a7d4e0d93834a5836768c25f3f6948fe558432fa9157f9444?s=96&d=mm&r=g","contentUrl":"https:\/\/secure.gravatar.com\/avatar\/8af126a59bd7472a7d4e0d93834a5836768c25f3f6948fe558432fa9157f9444?s=96&d=mm&r=g","caption":"EUPHE News"},"sameAs":["https:\/\/euphe.eu"],"url":"https:\/\/euphe.eu\/sl\/author\/developer\/"}]}},"_links":{"self":[{"href":"https:\/\/euphe.eu\/sl\/wp-json\/wp\/v2\/posts\/849","targetHints":{"allow":["GET"]}}],"collection":[{"href":"https:\/\/euphe.eu\/sl\/wp-json\/wp\/v2\/posts"}],"about":[{"href":"https:\/\/euphe.eu\/sl\/wp-json\/wp\/v2\/types\/post"}],"author":[{"embeddable":true,"href":"https:\/\/euphe.eu\/sl\/wp-json\/wp\/v2\/users\/1"}],"replies":[{"embeddable":true,"href":"https:\/\/euphe.eu\/sl\/wp-json\/wp\/v2\/comments?post=849"}],"version-history":[{"count":2,"href":"https:\/\/euphe.eu\/sl\/wp-json\/wp\/v2\/posts\/849\/revisions"}],"predecessor-version":[{"id":862,"href":"https:\/\/euphe.eu\/sl\/wp-json\/wp\/v2\/posts\/849\/revisions\/862"}],"wp:featuredmedia":[{"embeddable":true,"href":"https:\/\/euphe.eu\/sl\/wp-json\/wp\/v2\/media\/617"}],"wp:attachment":[{"href":"https:\/\/euphe.eu\/sl\/wp-json\/wp\/v2\/media?parent=849"}],"wp:term":[{"taxonomy":"category","embeddable":true,"href":"https:\/\/euphe.eu\/sl\/wp-json\/wp\/v2\/categories?post=849"},{"taxonomy":"post_tag","embeddable":true,"href":"https:\/\/euphe.eu\/sl\/wp-json\/wp\/v2\/tags?post=849"}],"curies":[{"name":"wp","href":"https:\/\/api.w.org\/{rel}","templated":true}]}}